{"id":12414,"date":"2023-08-02T22:26:39","date_gmt":"2023-08-02T20:26:39","guid":{"rendered":"https:\/\/berufskolleg-en.de\/?p=12414"},"modified":"2023-08-02T22:29:05","modified_gmt":"2023-08-02T20:29:05","slug":"anne-frank-tag","status":"publish","type":"post","link":"https:\/\/berufskolleg-en.de\/?p=12414","title":{"rendered":"Anne Frank Tag"},"content":{"rendered":"\n<figure class=\"wp-block-gallery has-nested-images columns-default is-cropped wp-block-gallery-1 is-layout-flex wp-block-gallery-is-layout-flex\">\n<figure class=\"wp-block-image size-large\"><img loading=\"lazy\" decoding=\"async\" width=\"1030\" height=\"649\" data-id=\"12417\" src=\"https:\/\/berufskolleg-en.de\/wp-content\/uploads\/2023\/08\/IMG_20230619_114130-1-1030x649.jpeg\" alt=\"\" class=\"wp-image-12417\" srcset=\"https:\/\/berufskolleg-en.de\/wp-content\/uploads\/2023\/08\/IMG_20230619_114130-1-1030x649.jpeg 1030w, https:\/\/berufskolleg-en.de\/wp-content\/uploads\/2023\/08\/IMG_20230619_114130-1-600x378.jpeg 600w, https:\/\/berufskolleg-en.de\/wp-content\/uploads\/2023\/08\/IMG_20230619_114130-1-768x484.jpeg 768w, https:\/\/berufskolleg-en.de\/wp-content\/uploads\/2023\/08\/IMG_20230619_114130-1-1536x967.jpeg 1536w, https:\/\/berufskolleg-en.de\/wp-content\/uploads\/2023\/08\/IMG_20230619_114130-1-1500x945.jpeg 1500w, https:\/\/berufskolleg-en.de\/wp-content\/uploads\/2023\/08\/IMG_20230619_114130-1-705x444.jpeg 705w, https:\/\/berufskolleg-en.de\/wp-content\/uploads\/2023\/08\/IMG_20230619_114130-1.jpeg 2047w\" sizes=\"auto, (max-width: 1030px) 100vw, 1030px\" \/><figcaption><span class=\"media-credit\"><a href=\"https:\/\/berufskolleg-en.de\/?author=6\">Michaela Paschalidou<\/a> | berufskolleg-en.de<\/span><\/figcaption><\/figure>\n<\/figure>\n\n\n\n<p>Anl\u00e4sslich des Anne Frank Tages,&nbsp;haben sich die Unterstufenklassen der KFZ Mechatroniker mit Anne Frank, ihrer Geschichte und dem diesj\u00e4hrigen Motto&nbsp;\u201eIdeale, Tr\u00e4ume, Hoffnung\u201c&nbsp;k\u00fcnstlerisch auseinandergesetzt. In der ersten Einheit am 12.06.2023 haben sie mit der Schulsozialarbeiterin Dina&nbsp;W\u00e4lter&nbsp;Hintergrundwissen \u00fcber Anne Frank und ihr Leben gesammelt und sich mit ihren eigenen Idealen, Tr\u00e4umen und Hoffnungen auseinandergesetzt. Im Austausch mit der Klasse entdeckten sie viele Gemeinsamkeiten und auch zahlreiche Unterschiede. Die entdeckten Ideale, Hoffnungen und Tr\u00e4ume von Anne Frank mit den&nbsp;eigenen zu verkn\u00fcpfen, war&nbsp;der n\u00e4chste Schritt&nbsp;des ersten&nbsp;Workshoptages.<\/p>\n\n\n\n<p>In der zweiten Einheit am 19.06.2023 hatten wir dann Besuch vom D\u00fcsseldorfer K\u00fcnstler Ugur&nbsp;Kepenek. Er griff die Thematiken nochmal auf und unterst\u00fctzte die jungen M\u00e4nner, ihre eigenen Eindr\u00fccke, Erlebnisse und Gedanken in&nbsp;Raptexte&nbsp;zu verarbeiten. Entstanden sind eindrucksvolle Texte \u00fcber Ideale, Tr\u00e4ume und Hoffnungen.&nbsp;<\/p>\n\n\n\n<figure class=\"wp-block-gallery has-nested-images columns-default is-cropped wp-block-gallery-2 is-layout-flex wp-block-gallery-is-layout-flex\">\n<figure class=\"wp-block-image size-large\"><img decoding=\"async\" data-id=\"12418\" src=\"https:\/\/berufskolleg-en.de\/wp-content\/uploads\/2023\/08\/IMG_20230619_100301-1-972x1030.jpeg\" alt=\"\" class=\"wp-image-12418\"\/><figcaption><span class=\"media-credit\">Dina W\u00e4lter<\/span><\/figcaption><\/figure>\n<\/figure>\n\n\n\n<p>Dina W\u00e4lter<\/p>\n","protected":false},"excerpt":{"rendered":"<p>Anl\u00e4sslich des Anne Frank Tages,&nbsp;haben sich die Unterstufenklassen der KFZ Mechatroniker mit Anne Frank, ihrer Geschichte und dem diesj\u00e4hrigen Motto&nbsp;\u201eIdeale, Tr\u00e4ume, Hoffnung\u201c&nbsp;k\u00fcnstlerisch auseinandergesetzt. In der ersten Einheit am 12.06.2023 haben sie mit der Schulsozialarbeiterin Dina&nbsp;W\u00e4lter&nbsp;Hintergrundwissen \u00fcber Anne Frank und ihr Leben gesammelt und sich mit ihren eigenen Idealen, Tr\u00e4umen und Hoffnungen auseinandergesetzt. Im Austausch mit [&hellip;]<\/p>\n","protected":false},"author":6,"featured_media":12418,"comment_status":"closed","ping_status":"closed","sticky":false,"template":"","format":"standard","meta":{"footnotes":""},"categories":[3],"tags":[],"class_list":["post-12414","post","type-post","status-publish","format-standard","has-post-thumbnail","hentry","category-presse"],"publishpress_future_action":{"enabled":false,"date":"2026-05-10 18:52:02","action":"change-status","newStatus":"draft","terms":[],"taxonomy":"category","extraData":[]},"publishpress_future_workflow_manual_trigger":{"enabledWorkflows":[]},"_links":{"self":[{"href":"https:\/\/berufskolleg-en.de\/index.php?rest_route=\/wp\/v2\/posts\/12414","targetHints":{"allow":["GET"]}}],"collection":[{"href":"https:\/\/berufskolleg-en.de\/index.php?rest_route=\/wp\/v2\/posts"}],"about":[{"href":"https:\/\/berufskolleg-en.de\/index.php?rest_route=\/wp\/v2\/types\/post"}],"author":[{"embeddable":true,"href":"https:\/\/berufskolleg-en.de\/index.php?rest_route=\/wp\/v2\/users\/6"}],"replies":[{"embeddable":true,"href":"https:\/\/berufskolleg-en.de\/index.php?rest_route=%2Fwp%2Fv2%2Fcomments&post=12414"}],"version-history":[{"count":3,"href":"https:\/\/berufskolleg-en.de\/index.php?rest_route=\/wp\/v2\/posts\/12414\/revisions"}],"predecessor-version":[{"id":12422,"href":"https:\/\/berufskolleg-en.de\/index.php?rest_route=\/wp\/v2\/posts\/12414\/revisions\/12422"}],"wp:featuredmedia":[{"embeddable":true,"href":"https:\/\/berufskolleg-en.de\/index.php?rest_route=\/wp\/v2\/media\/12418"}],"wp:attachment":[{"href":"https:\/\/berufskolleg-en.de\/index.php?rest_route=%2Fwp%2Fv2%2Fmedia&parent=12414"}],"wp:term":[{"taxonomy":"category","embeddable":true,"href":"https:\/\/berufskolleg-en.de\/index.php?rest_route=%2Fwp%2Fv2%2Fcategories&post=12414"},{"taxonomy":"post_tag","embeddable":true,"href":"https:\/\/berufskolleg-en.de\/index.php?rest_route=%2Fwp%2Fv2%2Ftags&post=12414"}],"curies":[{"name":"wp","href":"https:\/\/api.w.org\/{rel}","templated":true}]}}