{"id":15132,"date":"2025-12-02T08:20:27","date_gmt":"2025-12-02T07:20:27","guid":{"rendered":"https:\/\/berufskolleg-en.de\/?p=15132"},"modified":"2025-12-02T08:20:27","modified_gmt":"2025-12-02T07:20:27","slug":"lehrerinnen-ausflug-nach-soest","status":"publish","type":"post","link":"https:\/\/berufskolleg-en.de\/?p=15132","title":{"rendered":"LehrerInnen-Ausflug nach Soest"},"content":{"rendered":"\n<p>Am Freitag, den 21. November 2025 starteten Lehrerinnen und Lehrer des Berufskollegs Ennepetal mittags in Fahrgemeinschaften zu ihrem Kollegiumsausflug nach Soest. Im Landesinstitut f\u00fcr Schule (QUA-LiS) st\u00e4rkte man sich zu Beginn bei mitgebrachtem Geb\u00e4ck und Kaffee, bevor es zur etwa anderthalbst\u00fcndigen Stadtf\u00fchrung durch die Altstadt von Soest ging. Dort erfuhr man nicht nur harte Fakten, sondern wurde auch mit der einen oder anderen am\u00fcsanten Anekdote aus der langen Geschichte Soests zum Lachen gebracht. Bei eisigen Temperaturen war man anschlie\u00dfend sehr froh in ein Brauhaus einkehren zu k\u00f6nnen und gemeinsam zu Abend zu essen. Der gemeinsame Ausflug endete am Samstagmorgen mit einem gemeinsamen Fr\u00fchst\u00fcck im QUA-LiS. Einhellige Meinung des Kollegiums: Das war spitze!<\/p>\n\n\n\n<figure class=\"wp-block-image size-large\"><img loading=\"lazy\" decoding=\"async\" width=\"1030\" height=\"773\" src=\"https:\/\/berufskolleg-en.de\/wp-content\/uploads\/2025\/11\/IMG_0006-1030x773.jpeg\" alt=\"\" class=\"wp-image-15122\" srcset=\"https:\/\/berufskolleg-en.de\/wp-content\/uploads\/2025\/11\/IMG_0006-1030x773.jpeg 1030w, https:\/\/berufskolleg-en.de\/wp-content\/uploads\/2025\/11\/IMG_0006-600x450.jpeg 600w, https:\/\/berufskolleg-en.de\/wp-content\/uploads\/2025\/11\/IMG_0006-768x576.jpeg 768w, https:\/\/berufskolleg-en.de\/wp-content\/uploads\/2025\/11\/IMG_0006-1536x1152.jpeg 1536w, https:\/\/berufskolleg-en.de\/wp-content\/uploads\/2025\/11\/IMG_0006-2048x1536.jpeg 2048w, https:\/\/berufskolleg-en.de\/wp-content\/uploads\/2025\/11\/IMG_0006-1500x1125.jpeg 1500w, https:\/\/berufskolleg-en.de\/wp-content\/uploads\/2025\/11\/IMG_0006-705x529.jpeg 705w\" sizes=\"auto, (max-width: 1030px) 100vw, 1030px\" \/><figcaption><span class=\"media-credit\">Christoph Lahusen<\/span><\/figcaption><\/figure>\n","protected":false},"excerpt":{"rendered":"<p>Am Freitag, den 21. November 2025 starteten Lehrerinnen und Lehrer des Berufskollegs Ennepetal mittags in Fahrgemeinschaften zu ihrem Kollegiumsausflug nach Soest. Im Landesinstitut f\u00fcr Schule (QUA-LiS) st\u00e4rkte man sich zu Beginn bei mitgebrachtem Geb\u00e4ck und Kaffee, bevor es zur etwa anderthalbst\u00fcndigen Stadtf\u00fchrung durch die Altstadt von Soest ging. Dort erfuhr man nicht nur harte Fakten, [&hellip;]<\/p>\n","protected":false},"author":6,"featured_media":15122,"comment_status":"closed","ping_status":"closed","sticky":false,"template":"","format":"standard","meta":{"footnotes":""},"categories":[3],"tags":[],"class_list":["post-15132","post","type-post","status-publish","format-standard","has-post-thumbnail","hentry","category-presse"],"publishpress_future_action":{"enabled":false,"date":"2026-05-08 08:58:56","action":"change-status","newStatus":"draft","terms":[],"taxonomy":"category","extraData":[]},"publishpress_future_workflow_manual_trigger":{"enabledWorkflows":[]},"_links":{"self":[{"href":"https:\/\/berufskolleg-en.de\/index.php?rest_route=\/wp\/v2\/posts\/15132","targetHints":{"allow":["GET"]}}],"collection":[{"href":"https:\/\/berufskolleg-en.de\/index.php?rest_route=\/wp\/v2\/posts"}],"about":[{"href":"https:\/\/berufskolleg-en.de\/index.php?rest_route=\/wp\/v2\/types\/post"}],"author":[{"embeddable":true,"href":"https:\/\/berufskolleg-en.de\/index.php?rest_route=\/wp\/v2\/users\/6"}],"replies":[{"embeddable":true,"href":"https:\/\/berufskolleg-en.de\/index.php?rest_route=%2Fwp%2Fv2%2Fcomments&post=15132"}],"version-history":[{"count":1,"href":"https:\/\/berufskolleg-en.de\/index.php?rest_route=\/wp\/v2\/posts\/15132\/revisions"}],"predecessor-version":[{"id":15133,"href":"https:\/\/berufskolleg-en.de\/index.php?rest_route=\/wp\/v2\/posts\/15132\/revisions\/15133"}],"wp:featuredmedia":[{"embeddable":true,"href":"https:\/\/berufskolleg-en.de\/index.php?rest_route=\/wp\/v2\/media\/15122"}],"wp:attachment":[{"href":"https:\/\/berufskolleg-en.de\/index.php?rest_route=%2Fwp%2Fv2%2Fmedia&parent=15132"}],"wp:term":[{"taxonomy":"category","embeddable":true,"href":"https:\/\/berufskolleg-en.de\/index.php?rest_route=%2Fwp%2Fv2%2Fcategories&post=15132"},{"taxonomy":"post_tag","embeddable":true,"href":"https:\/\/berufskolleg-en.de\/index.php?rest_route=%2Fwp%2Fv2%2Ftags&post=15132"}],"curies":[{"name":"wp","href":"https:\/\/api.w.org\/{rel}","templated":true}]}}