{"id":15250,"date":"2026-05-03T09:11:00","date_gmt":"2026-05-03T07:11:00","guid":{"rendered":"https:\/\/berufskolleg-en.de\/?p=15250"},"modified":"2026-05-03T09:17:21","modified_gmt":"2026-05-03T07:17:21","slug":"citylauf-ennepetal-2026","status":"publish","type":"post","link":"https:\/\/berufskolleg-en.de\/?p=15250","title":{"rendered":"Citylauf Ennepetal 2026"},"content":{"rendered":"\n<p>Am Sonntag, den 26.04.2026 hat eine Gruppe von sieben Kolleginnen und Kollegen des Berufskollegs Ennepetal und Herrn Westermann, dem Ehemann von unserer Schulleiterin, am 1. Citylauf in Ennepetal nach der Corona-Pandemie teilgenommen. Urspr\u00fcnglich waren noch Frau Westermann und zwei weitere Kollegen f\u00fcr die Teilnahme angemeldet. Aufgrund von Verletzungen\/anderweitigen Terminen konnten Sie jedoch nicht teilnehmen und haben z.T. zusammen mit weiteren KollegInnen und Familienangeh\u00f6rigen die Aktiven lautstark angefeuert. <\/p>\n\n\n\n<figure class=\"wp-block-image size-large\"><img decoding=\"async\" src=\"https:\/\/berufskolleg-en.de\/wp-content\/uploads\/2026\/05\/IMG_2274-1030x773.jpeg\" alt=\"\" class=\"wp-image-15249\"\/><figcaption class=\"wp-element-caption\"><span class=\"media-credit\">Susanne Joswig<\/span> v.l.n.r Frau Westermann mit Hund, Herr Wagner (Unterst\u00fctzung), Herr Westermann, Herr Peil, Herr Peter, Herr Dr. Husmann, Frau Paschalidou, Herr Hartmann, Frau Gerlach<\/figcaption><\/figure>\n\n\n\n<p>Es ging f\u00fcr die LehrerInnen-Gruppe insgesamt vier mal durch die Milsper Innenstadt (1,25 km), sodass zum Schluss 5 km auf jeder Laufuhr standen. Es traten Einzell\u00e4uferInnen, unterschiedliche Gruppen und Firmen an den Start. Nach einem guten Lauf bei strahlendem Sonnenschein und guten Laufbedingungen wartete man gespannt auf die Siegerehrung, die noch einige Zeit auf sich warten lie\u00df. W\u00e4hrend noch der 10 km Lauf im vollen Gange war, wurden die Ersten des 5 km Laufs verk\u00fcndetet. Es wurden zahlreiche Kategorien mit Pokalen, Wanderpokalen und weiteren Geschenken ausgezeichnet. An der letzten Kategorie, 1. Platz des Firmenlaufs, angelangt, hielt die kleine Gemeinschaft des BK Ennepetals &#8211; einige L\u00e4uferInnen mussten schon vorher die R\u00fcckreise antreten &#8211; den Atem an. Und\u2026tats\u00e4chlich gewann das BK Ennepetal den 1. Preis im Firmenlauf: Pokal, Wanderpokal und einen Geschenkkorb mit verschiedenen Lebensmitteln. Damit steht fest: wir kommen n\u00e4chstes Jahr wieder, um den Wanderpokal zu verteidigen!<\/p>\n\n\n\n<p>Michaela Paschalidou<\/p>\n\n\n\n<figure class=\"wp-block-image size-large\"><img loading=\"lazy\" decoding=\"async\" width=\"870\" height=\"1030\" src=\"https:\/\/berufskolleg-en.de\/wp-content\/uploads\/2026\/05\/IMG_2275-870x1030.jpeg\" alt=\"\" class=\"wp-image-15247\" srcset=\"https:\/\/berufskolleg-en.de\/wp-content\/uploads\/2026\/05\/IMG_2275-870x1030.jpeg 870w, https:\/\/berufskolleg-en.de\/wp-content\/uploads\/2026\/05\/IMG_2275-507x600.jpeg 507w, https:\/\/berufskolleg-en.de\/wp-content\/uploads\/2026\/05\/IMG_2275-768x909.jpeg 768w, https:\/\/berufskolleg-en.de\/wp-content\/uploads\/2026\/05\/IMG_2275-1298x1536.jpeg 1298w, https:\/\/berufskolleg-en.de\/wp-content\/uploads\/2026\/05\/IMG_2275-1731x2048.jpeg 1731w, https:\/\/berufskolleg-en.de\/wp-content\/uploads\/2026\/05\/IMG_2275-1267x1500.jpeg 1267w, https:\/\/berufskolleg-en.de\/wp-content\/uploads\/2026\/05\/IMG_2275-596x705.jpeg 596w\" sizes=\"auto, (max-width: 870px) 100vw, 870px\" \/><figcaption><span class=\"media-credit\">Susanne Joswig<\/span><\/figcaption><\/figure>\n\n\n\n<figure class=\"wp-block-image size-large\"><img loading=\"lazy\" decoding=\"async\" width=\"1004\" height=\"1030\" src=\"https:\/\/berufskolleg-en.de\/wp-content\/uploads\/2026\/05\/IMG_2273-scaled-e1777792593171-1004x1030.jpeg\" alt=\"\" class=\"wp-image-15248\" srcset=\"https:\/\/berufskolleg-en.de\/wp-content\/uploads\/2026\/05\/IMG_2273-scaled-e1777792593171-1004x1030.jpeg 1004w, https:\/\/berufskolleg-en.de\/wp-content\/uploads\/2026\/05\/IMG_2273-scaled-e1777792593171-585x600.jpeg 585w, https:\/\/berufskolleg-en.de\/wp-content\/uploads\/2026\/05\/IMG_2273-scaled-e1777792593171-768x788.jpeg 768w, https:\/\/berufskolleg-en.de\/wp-content\/uploads\/2026\/05\/IMG_2273-scaled-e1777792593171-1497x1536.jpeg 1497w, https:\/\/berufskolleg-en.de\/wp-content\/uploads\/2026\/05\/IMG_2273-scaled-e1777792593171-36x36.jpeg 36w, https:\/\/berufskolleg-en.de\/wp-content\/uploads\/2026\/05\/IMG_2273-scaled-e1777792593171-1462x1500.jpeg 1462w, https:\/\/berufskolleg-en.de\/wp-content\/uploads\/2026\/05\/IMG_2273-scaled-e1777792593171-687x705.jpeg 687w, https:\/\/berufskolleg-en.de\/wp-content\/uploads\/2026\/05\/IMG_2273-scaled-e1777792593171.jpeg 1754w\" sizes=\"auto, (max-width: 1004px) 100vw, 1004px\" \/><figcaption><span class=\"media-credit\">Susanne Joswig<\/span><\/figcaption><\/figure>\n","protected":false},"excerpt":{"rendered":"<p>Am Sonntag, den 26.04.2026 hat eine Gruppe von sieben Kolleginnen und Kollegen des Berufskollegs Ennepetal und Herrn Westermann, dem Ehemann von unserer Schulleiterin, am 1. Citylauf in Ennepetal nach der Corona-Pandemie teilgenommen. Urspr\u00fcnglich waren noch Frau Westermann und zwei weitere Kollegen f\u00fcr die Teilnahme angemeldet. Aufgrund von Verletzungen\/anderweitigen Terminen konnten Sie jedoch nicht teilnehmen und [&hellip;]<\/p>\n","protected":false},"author":6,"featured_media":15249,"comment_status":"closed","ping_status":"closed","sticky":false,"template":"","format":"standard","meta":{"footnotes":""},"categories":[3],"tags":[],"class_list":["post-15250","post","type-post","status-publish","format-standard","has-post-thumbnail","hentry","category-presse"],"publishpress_future_action":{"enabled":false,"date":"2026-05-10 12:18:32","action":"change-status","newStatus":"draft","terms":[],"taxonomy":"category","extraData":[]},"publishpress_future_workflow_manual_trigger":{"enabledWorkflows":[]},"_links":{"self":[{"href":"https:\/\/berufskolleg-en.de\/index.php?rest_route=\/wp\/v2\/posts\/15250","targetHints":{"allow":["GET"]}}],"collection":[{"href":"https:\/\/berufskolleg-en.de\/index.php?rest_route=\/wp\/v2\/posts"}],"about":[{"href":"https:\/\/berufskolleg-en.de\/index.php?rest_route=\/wp\/v2\/types\/post"}],"author":[{"embeddable":true,"href":"https:\/\/berufskolleg-en.de\/index.php?rest_route=\/wp\/v2\/users\/6"}],"replies":[{"embeddable":true,"href":"https:\/\/berufskolleg-en.de\/index.php?rest_route=%2Fwp%2Fv2%2Fcomments&post=15250"}],"version-history":[{"count":3,"href":"https:\/\/berufskolleg-en.de\/index.php?rest_route=\/wp\/v2\/posts\/15250\/revisions"}],"predecessor-version":[{"id":15254,"href":"https:\/\/berufskolleg-en.de\/index.php?rest_route=\/wp\/v2\/posts\/15250\/revisions\/15254"}],"wp:featuredmedia":[{"embeddable":true,"href":"https:\/\/berufskolleg-en.de\/index.php?rest_route=\/wp\/v2\/media\/15249"}],"wp:attachment":[{"href":"https:\/\/berufskolleg-en.de\/index.php?rest_route=%2Fwp%2Fv2%2Fmedia&parent=15250"}],"wp:term":[{"taxonomy":"category","embeddable":true,"href":"https:\/\/berufskolleg-en.de\/index.php?rest_route=%2Fwp%2Fv2%2Fcategories&post=15250"},{"taxonomy":"post_tag","embeddable":true,"href":"https:\/\/berufskolleg-en.de\/index.php?rest_route=%2Fwp%2Fv2%2Ftags&post=15250"}],"curies":[{"name":"wp","href":"https:\/\/api.w.org\/{rel}","templated":true}]}}