{"id":15255,"date":"2026-05-03T09:33:01","date_gmt":"2026-05-03T07:33:01","guid":{"rendered":"https:\/\/berufskolleg-en.de\/?p=15255"},"modified":"2026-05-03T09:33:45","modified_gmt":"2026-05-03T07:33:45","slug":"verabschiedung-der-lehramtsanwaerterinnen-2026","status":"publish","type":"post","link":"https:\/\/berufskolleg-en.de\/?p=15255","title":{"rendered":"Verabschiedung der Lehramtsanw\u00e4rterInnen 2026"},"content":{"rendered":"\n<p>Am Mittwoch, den 29. April 2026 hatten die Lehramtsanw\u00e4rterin Frau Ebbinghaus und die Lehramtsanw\u00e4rter Herr Dittmann und Herr Rommeswinkel ihren letzten Schultag am BK Ennepetal als Lehramtsanw\u00e4rterInnen. Frau Westermann \u00fcberreichte feierlich jedem einen Blumenstrau\u00df und hielt eine kurze Rede zum Abschied. <\/p>\n\n\n\n<figure class=\"wp-block-image size-large\"><img loading=\"lazy\" decoding=\"async\" width=\"1030\" height=\"773\" src=\"https:\/\/berufskolleg-en.de\/wp-content\/uploads\/2026\/05\/IMG_0210-1030x773.jpeg\" alt=\"\" class=\"wp-image-15246\" srcset=\"https:\/\/berufskolleg-en.de\/wp-content\/uploads\/2026\/05\/IMG_0210-1030x773.jpeg 1030w, https:\/\/berufskolleg-en.de\/wp-content\/uploads\/2026\/05\/IMG_0210-600x450.jpeg 600w, https:\/\/berufskolleg-en.de\/wp-content\/uploads\/2026\/05\/IMG_0210-768x576.jpeg 768w, https:\/\/berufskolleg-en.de\/wp-content\/uploads\/2026\/05\/IMG_0210-1536x1152.jpeg 1536w, https:\/\/berufskolleg-en.de\/wp-content\/uploads\/2026\/05\/IMG_0210-2048x1536.jpeg 2048w, https:\/\/berufskolleg-en.de\/wp-content\/uploads\/2026\/05\/IMG_0210-1500x1125.jpeg 1500w, https:\/\/berufskolleg-en.de\/wp-content\/uploads\/2026\/05\/IMG_0210-705x529.jpeg 705w\" sizes=\"auto, (max-width: 1030px) 100vw, 1030px\" \/><figcaption><span class=\"media-credit\"><a href=\"https:\/\/berufskolleg-en.de\/?author=6\">Michaela Paschalidou<\/a> | berufskolleg-en.de<\/span><\/figcaption><\/figure>\n\n\n\n<p>Anschlie\u00dfend bedankten sich auch die Lehramtsanw\u00e4rterInnen bei der Schulleitung, den Ausbildungsbeauftragten und dem gesamten Kollegium f\u00fcr die Unterst\u00fctzung in den 18 Monaten des Vorbereitungsdienstes. Sie starten nun ihren weiteren beruflichen Werdegang mit der Anstellung als LehrerIn auf Probe z.T. bei uns z.T. an einem anderen Berufskolleg. Wir w\u00fcnschen Ihnen alles Gute f\u00fcr Ihren weiteren beruflichen Weg!<\/p>\n\n\n\n<p>Michaela Paschalidou<\/p>\n\n\n\n<figure class=\"wp-block-image size-large\"><img loading=\"lazy\" decoding=\"async\" width=\"1030\" height=\"773\" src=\"https:\/\/berufskolleg-en.de\/wp-content\/uploads\/2026\/05\/IMG_0214-1030x773.jpeg\" alt=\"\" class=\"wp-image-15245\" srcset=\"https:\/\/berufskolleg-en.de\/wp-content\/uploads\/2026\/05\/IMG_0214-1030x773.jpeg 1030w, https:\/\/berufskolleg-en.de\/wp-content\/uploads\/2026\/05\/IMG_0214-600x450.jpeg 600w, https:\/\/berufskolleg-en.de\/wp-content\/uploads\/2026\/05\/IMG_0214-768x576.jpeg 768w, https:\/\/berufskolleg-en.de\/wp-content\/uploads\/2026\/05\/IMG_0214-1536x1152.jpeg 1536w, https:\/\/berufskolleg-en.de\/wp-content\/uploads\/2026\/05\/IMG_0214-2048x1536.jpeg 2048w, https:\/\/berufskolleg-en.de\/wp-content\/uploads\/2026\/05\/IMG_0214-1500x1125.jpeg 1500w, https:\/\/berufskolleg-en.de\/wp-content\/uploads\/2026\/05\/IMG_0214-705x529.jpeg 705w\" sizes=\"auto, (max-width: 1030px) 100vw, 1030px\" \/><figcaption><span class=\"media-credit\"><a href=\"https:\/\/berufskolleg-en.de\/?author=6\">Michaela Paschalidou<\/a> | berufskolleg-en.de<\/span><\/figcaption><\/figure>\n\n\n\n<figure class=\"wp-block-image size-large\"><img loading=\"lazy\" decoding=\"async\" width=\"1030\" height=\"773\" src=\"https:\/\/berufskolleg-en.de\/wp-content\/uploads\/2026\/05\/657ac809-e10e-40c6-9cc3-500e6296d118-1030x773.jpeg\" alt=\"\" class=\"wp-image-15244\" srcset=\"https:\/\/berufskolleg-en.de\/wp-content\/uploads\/2026\/05\/657ac809-e10e-40c6-9cc3-500e6296d118-1030x773.jpeg 1030w, https:\/\/berufskolleg-en.de\/wp-content\/uploads\/2026\/05\/657ac809-e10e-40c6-9cc3-500e6296d118-600x450.jpeg 600w, https:\/\/berufskolleg-en.de\/wp-content\/uploads\/2026\/05\/657ac809-e10e-40c6-9cc3-500e6296d118-768x576.jpeg 768w, https:\/\/berufskolleg-en.de\/wp-content\/uploads\/2026\/05\/657ac809-e10e-40c6-9cc3-500e6296d118-1536x1152.jpeg 1536w, https:\/\/berufskolleg-en.de\/wp-content\/uploads\/2026\/05\/657ac809-e10e-40c6-9cc3-500e6296d118-1500x1125.jpeg 1500w, https:\/\/berufskolleg-en.de\/wp-content\/uploads\/2026\/05\/657ac809-e10e-40c6-9cc3-500e6296d118-705x529.jpeg 705w, https:\/\/berufskolleg-en.de\/wp-content\/uploads\/2026\/05\/657ac809-e10e-40c6-9cc3-500e6296d118.jpeg 1600w\" sizes=\"auto, (max-width: 1030px) 100vw, 1030px\" \/><figcaption><span class=\"media-credit\">Phil Dittmann<\/span><\/figcaption><\/figure>\n\n\n\n<p><\/p>\n","protected":false},"excerpt":{"rendered":"<p>Am Mittwoch, den 29. April 2026 hatten die Lehramtsanw\u00e4rterin Frau Ebbinghaus und die Lehramtsanw\u00e4rter Herr Dittmann und Herr Rommeswinkel ihren letzten Schultag am BK Ennepetal als Lehramtsanw\u00e4rterInnen. Frau Westermann \u00fcberreichte feierlich jedem einen Blumenstrau\u00df und hielt eine kurze Rede zum Abschied. Anschlie\u00dfend bedankten sich auch die Lehramtsanw\u00e4rterInnen bei der Schulleitung, den Ausbildungsbeauftragten und dem gesamten [&hellip;]<\/p>\n","protected":false},"author":6,"featured_media":15244,"comment_status":"closed","ping_status":"closed","sticky":false,"template":"","format":"standard","meta":{"footnotes":""},"categories":[3],"tags":[],"class_list":["post-15255","post","type-post","status-publish","format-standard","has-post-thumbnail","hentry","category-presse"],"publishpress_future_action":{"enabled":false,"date":"2026-05-10 12:16:31","action":"change-status","newStatus":"draft","terms":[],"taxonomy":"category","extraData":[]},"publishpress_future_workflow_manual_trigger":{"enabledWorkflows":[]},"_links":{"self":[{"href":"https:\/\/berufskolleg-en.de\/index.php?rest_route=\/wp\/v2\/posts\/15255","targetHints":{"allow":["GET"]}}],"collection":[{"href":"https:\/\/berufskolleg-en.de\/index.php?rest_route=\/wp\/v2\/posts"}],"about":[{"href":"https:\/\/berufskolleg-en.de\/index.php?rest_route=\/wp\/v2\/types\/post"}],"author":[{"embeddable":true,"href":"https:\/\/berufskolleg-en.de\/index.php?rest_route=\/wp\/v2\/users\/6"}],"replies":[{"embeddable":true,"href":"https:\/\/berufskolleg-en.de\/index.php?rest_route=%2Fwp%2Fv2%2Fcomments&post=15255"}],"version-history":[{"count":2,"href":"https:\/\/berufskolleg-en.de\/index.php?rest_route=\/wp\/v2\/posts\/15255\/revisions"}],"predecessor-version":[{"id":15257,"href":"https:\/\/berufskolleg-en.de\/index.php?rest_route=\/wp\/v2\/posts\/15255\/revisions\/15257"}],"wp:featuredmedia":[{"embeddable":true,"href":"https:\/\/berufskolleg-en.de\/index.php?rest_route=\/wp\/v2\/media\/15244"}],"wp:attachment":[{"href":"https:\/\/berufskolleg-en.de\/index.php?rest_route=%2Fwp%2Fv2%2Fmedia&parent=15255"}],"wp:term":[{"taxonomy":"category","embeddable":true,"href":"https:\/\/berufskolleg-en.de\/index.php?rest_route=%2Fwp%2Fv2%2Fcategories&post=15255"},{"taxonomy":"post_tag","embeddable":true,"href":"https:\/\/berufskolleg-en.de\/index.php?rest_route=%2Fwp%2Fv2%2Ftags&post=15255"}],"curies":[{"name":"wp","href":"https:\/\/api.w.org\/{rel}","templated":true}]}}